{"id":1112,"date":"2025-11-07T09:26:12","date_gmt":"2025-11-07T08:26:12","guid":{"rendered":"https:\/\/genomapp.com\/?p=1112"},"modified":"2026-02-06T17:50:28","modified_gmt":"2026-02-06T16:50:28","slug":"enfermedad-destacada-sindrome-de-ehlers-danlos","status":"publish","type":"post","link":"https:\/\/genomapp.com\/es\/enfermedad-destacada-sindrome-de-ehlers-danlos\/","title":{"rendered":"Enfermedad Destacada: S\u00edndrome de Ehlers-Danlos"},"content":{"rendered":"\n<p>Con motivo del <a href=\"https:\/\/genomapp.com\/es\/una-decada-descifrando-el-futuro-de-tu-salud\/\">d\u00e9cimo aniversario<\/a> de Genomapp, presentamos la nueva secci\u00f3n \u201cEnfermedad destacada\u201d. La primera enfermedad elegida es el s\u00edndrome de Ehlers-Danlos.<\/p>\n\n\n\n<figure class=\"wp-block-image size-large\"><img loading=\"lazy\" decoding=\"async\" width=\"1024\" height=\"683\" src=\"https:\/\/genomapp.com\/wp-content\/uploads\/2025\/11\/pattern_zebra-opt-1024x683.webp\" alt=\"\" class=\"wp-image-1104\" srcset=\"https:\/\/genomapp.com\/wp-content\/uploads\/2025\/11\/pattern_zebra-opt-1024x683.webp 1024w, https:\/\/genomapp.com\/wp-content\/uploads\/2025\/11\/pattern_zebra-opt-300x200.webp 300w, https:\/\/genomapp.com\/wp-content\/uploads\/2025\/11\/pattern_zebra-opt-768x512.webp 768w, https:\/\/genomapp.com\/wp-content\/uploads\/2025\/11\/pattern_zebra-opt-1536x1024.webp 1536w, https:\/\/genomapp.com\/wp-content\/uploads\/2025\/11\/pattern_zebra-opt-2048x1365.webp 2048w\" sizes=\"auto, (max-width: 1024px) 100vw, 1024px\" \/><\/figure>\n\n\n\n<p>El s\u00edndrome de Ehlers-Danlos (SED) no es una \u00fanica enfermedad, sino un grupo de 13 trastornos hereditarios distintos que comparten caracter\u00edsticas como la hiperlaxitud articular, la hiperextensibilidad de la piel y la fragilidad de los tejidos. Estos s\u00edndromes se deben a alteraciones gen\u00e9ticas que afectan al tejido conectivo, el cual proporciona soporte y estructura a todo el cuerpo.<\/p>\n\n\n\n<p>El s\u00edndrome de Ehlers-Danlos est\u00e1 causado por mutaciones hereditarias en genes que codifican el col\u00e1geno o prote\u00ednas relacionadas. Estas mutaciones afectan la fuerza y elasticidad del tejido conectivo. Dependiendo del tipo espec\u00edfico de SED, se han identificado mutaciones en diversos genes como COL5A1, COL5A2 y COL3A1.<\/p>\n\n\n\n<p>S\u00edntomas m\u00e1s comunes del SED:<\/p>\n\n\n\n<ul class=\"wp-block-list\">\n<li>Hiperlaxitud articular<br><\/li>\n\n\n\n<li>Hiperextensibilidad de la piel<br><\/li>\n\n\n\n<li>Piel fr\u00e1gil<br><\/li>\n\n\n\n<li>Dolor cr\u00f3nico<br><\/li>\n\n\n\n<li>Fatiga<br><\/li>\n\n\n\n<li>Problemas digestivos<br><\/li>\n\n\n\n<li>Mareos y taquicardia al ponerse de pie<br><\/li>\n\n\n\n<li>Cicatrizaci\u00f3n anormal<br><\/li>\n\n\n\n<li>Luxaciones articulares frecuentes<br><\/li>\n\n\n\n<li>Problemas cardiovasculares<br><\/li>\n<\/ul>\n\n\n\n<p>Como el SED es una enfermedad gen\u00e9tica, no se puede prevenir, pero s\u00ed se pueden tomar medidas para evitar complicaciones y mejorar el bienestar diario.<\/p>\n\n\n\n<p>Vivir con SED puede ser un desaf\u00edo, y el apoyo de otras personas que entienden la enfermedad es muy valioso. Entre los recursos y organizaciones relacionadas con el SED destaca <a href=\"https:\/\/www.ehlers-danlos.com\/\">The Ehlers-Danlos Society<\/a>, una organizaci\u00f3n dedicada a la investigaci\u00f3n, educaci\u00f3n y apoyo a las personas con SED y trastornos del espectro de hipermovilidad. <\/p>\n\n\n\n<p>M\u00e1s informaci\u00f3n en la <a href=\"https:\/\/genomapp.com\/es\/descargar\/\">app de Genomapp<\/a>. Descubre qu\u00e9 dice tu ADN sobre tu predisposici\u00f3n a esta enfermedad.<\/p>\n\n\n\n<figure class=\"wp-block-gallery has-nested-images columns-default is-cropped wp-block-gallery-1 is-layout-flex wp-block-gallery-is-layout-flex\">\n<figure class=\"wp-block-image size-large has-custom-border\"><img loading=\"lazy\" decoding=\"async\" width=\"494\" height=\"1024\" data-id=\"1108\" src=\"https:\/\/genomapp.com\/wp-content\/uploads\/2025\/11\/genomapp-ehlers-danlos-reveal-494x1024.webp\" alt=\"\" class=\"wp-image-1108\" style=\"border-width:1px\" srcset=\"https:\/\/genomapp.com\/wp-content\/uploads\/2025\/11\/genomapp-ehlers-danlos-reveal-494x1024.webp 494w, https:\/\/genomapp.com\/wp-content\/uploads\/2025\/11\/genomapp-ehlers-danlos-reveal-145x300.webp 145w, https:\/\/genomapp.com\/wp-content\/uploads\/2025\/11\/genomapp-ehlers-danlos-reveal-768x1593.webp 768w, https:\/\/genomapp.com\/wp-content\/uploads\/2025\/11\/genomapp-ehlers-danlos-reveal-741x1536.webp 741w, https:\/\/genomapp.com\/wp-content\/uploads\/2025\/11\/genomapp-ehlers-danlos-reveal-987x2048.webp 987w, https:\/\/genomapp.com\/wp-content\/uploads\/2025\/11\/genomapp-ehlers-danlos-reveal.webp 1163w\" sizes=\"auto, (max-width: 494px) 100vw, 494px\" \/><\/figure>\n\n\n\n<figure class=\"wp-block-image size-large has-custom-border\"><img loading=\"lazy\" decoding=\"async\" width=\"493\" height=\"1024\" data-id=\"1110\" src=\"https:\/\/genomapp.com\/wp-content\/uploads\/2025\/11\/genomapp-ehlers-danlos-493x1024.webp\" alt=\"\" class=\"wp-image-1110\" style=\"border-width:1px\" srcset=\"https:\/\/genomapp.com\/wp-content\/uploads\/2025\/11\/genomapp-ehlers-danlos-493x1024.webp 493w, https:\/\/genomapp.com\/wp-content\/uploads\/2025\/11\/genomapp-ehlers-danlos-144x300.webp 144w, https:\/\/genomapp.com\/wp-content\/uploads\/2025\/11\/genomapp-ehlers-danlos-768x1596.webp 768w, https:\/\/genomapp.com\/wp-content\/uploads\/2025\/11\/genomapp-ehlers-danlos-739x1536.webp 739w, https:\/\/genomapp.com\/wp-content\/uploads\/2025\/11\/genomapp-ehlers-danlos-985x2048.webp 985w, https:\/\/genomapp.com\/wp-content\/uploads\/2025\/11\/genomapp-ehlers-danlos.webp 1157w\" sizes=\"auto, (max-width: 493px) 100vw, 493px\" \/><\/figure>\n\n\n\n<figure class=\"wp-block-image size-large has-custom-border\"><img loading=\"lazy\" decoding=\"async\" width=\"491\" height=\"1024\" data-id=\"1107\" src=\"https:\/\/genomapp.com\/wp-content\/uploads\/2025\/11\/genomapp-ehlers-danlos-results-491x1024.webp\" alt=\"\" class=\"wp-image-1107\" style=\"border-width:1px\" srcset=\"https:\/\/genomapp.com\/wp-content\/uploads\/2025\/11\/genomapp-ehlers-danlos-results-491x1024.webp 491w, https:\/\/genomapp.com\/wp-content\/uploads\/2025\/11\/genomapp-ehlers-danlos-results-144x300.webp 144w, https:\/\/genomapp.com\/wp-content\/uploads\/2025\/11\/genomapp-ehlers-danlos-results-768x1600.webp 768w, https:\/\/genomapp.com\/wp-content\/uploads\/2025\/11\/genomapp-ehlers-danlos-results-737x1536.webp 737w, https:\/\/genomapp.com\/wp-content\/uploads\/2025\/11\/genomapp-ehlers-danlos-results-983x2048.webp 983w, https:\/\/genomapp.com\/wp-content\/uploads\/2025\/11\/genomapp-ehlers-danlos-results.webp 1156w\" sizes=\"auto, (max-width: 491px) 100vw, 491px\" \/><\/figure>\n<\/figure>\n","protected":false},"excerpt":{"rendered":"<p>Con motivo del d\u00e9cimo aniversario de Genomapp, presentamos la nueva secci\u00f3n \u201cEnfermedad destacada\u201d. La primera enfermedad elegida es el s\u00edndrome de Ehlers-Danlos. El s\u00edndrome de Ehlers-Danlos (SED) no es una \u00fanica enfermedad, sino un grupo de 13 trastornos hereditarios distintos que comparten caracter\u00edsticas como la hiperlaxitud articular, la hiperextensibilidad de la piel y la fragilidad [&hellip;]<\/p>\n","protected":false},"author":2,"featured_media":0,"comment_status":"closed","ping_status":"closed","sticky":false,"template":"","format":"standard","meta":{"footnotes":""},"categories":[8],"tags":[],"class_list":["post-1112","post","type-post","status-publish","format-standard","hentry","category-enfermedad-destacada"],"yoast_head":"<!-- This site is optimized with the Yoast SEO plugin v27.5 - https:\/\/yoast.com\/product\/yoast-seo-wordpress\/ -->\n<title>Enfermedad Destacada: S\u00edndrome de Ehlers-Danlos - genomapp.com<\/title>\n<meta name=\"description\" content=\"El s\u00edndrome de Ehlers-Danlos (SED) no es una \u00fanica enfermedad, sino un grupo de 13 trastornos hereditarios.\" \/>\n<meta name=\"robots\" content=\"index, follow, max-snippet:-1, max-image-preview:large, max-video-preview:-1\" \/>\n<link rel=\"canonical\" href=\"https:\/\/genomapp.com\/es\/enfermedad-destacada-sindrome-de-ehlers-danlos\/\" \/>\n<meta property=\"og:locale\" content=\"es_ES\" \/>\n<meta property=\"og:type\" content=\"article\" \/>\n<meta property=\"og:title\" content=\"Enfermedad Destacada: S\u00edndrome de Ehlers-Danlos - genomapp.com\" \/>\n<meta property=\"og:description\" content=\"El s\u00edndrome de Ehlers-Danlos (SED) no es una \u00fanica enfermedad, sino un grupo de 13 trastornos hereditarios.\" \/>\n<meta property=\"og:url\" content=\"https:\/\/genomapp.com\/es\/enfermedad-destacada-sindrome-de-ehlers-danlos\/\" \/>\n<meta property=\"og:site_name\" content=\"genomapp.com\" \/>\n<meta property=\"article:published_time\" content=\"2025-11-07T08:26:12+00:00\" \/>\n<meta property=\"article:modified_time\" content=\"2026-02-06T16:50:28+00:00\" \/>\n<meta property=\"og:image\" content=\"https:\/\/genomapp.com\/wp-content\/uploads\/2025\/11\/pattern_zebra-opt-scaled.webp\" \/>\n\t<meta property=\"og:image:width\" content=\"2560\" \/>\n\t<meta property=\"og:image:height\" content=\"1707\" \/>\n\t<meta property=\"og:image:type\" content=\"image\/webp\" \/>\n<meta name=\"author\" content=\"Genomapp\" \/>\n<meta name=\"twitter:card\" content=\"summary_large_image\" \/>\n<meta name=\"twitter:label1\" content=\"Escrito por\" \/>\n\t<meta name=\"twitter:data1\" content=\"Genomapp\" \/>\n\t<meta name=\"twitter:label2\" content=\"Tiempo de lectura\" \/>\n\t<meta name=\"twitter:data2\" content=\"2 minutos\" \/>\n<script type=\"application\/ld+json\" class=\"yoast-schema-graph\">{\"@context\":\"https:\\\/\\\/schema.org\",\"@graph\":[{\"@type\":\"Article\",\"@id\":\"https:\\\/\\\/genomapp.com\\\/es\\\/enfermedad-destacada-sindrome-de-ehlers-danlos\\\/#article\",\"isPartOf\":{\"@id\":\"https:\\\/\\\/genomapp.com\\\/es\\\/enfermedad-destacada-sindrome-de-ehlers-danlos\\\/\"},\"author\":{\"name\":\"Genomapp\",\"@id\":\"https:\\\/\\\/genomapp.com\\\/en\\\/#\\\/schema\\\/person\\\/4f4c626c074df69393f392a52cd1153e\"},\"headline\":\"Enfermedad Destacada: S\u00edndrome de Ehlers-Danlos\",\"datePublished\":\"2025-11-07T08:26:12+00:00\",\"dateModified\":\"2026-02-06T16:50:28+00:00\",\"mainEntityOfPage\":{\"@id\":\"https:\\\/\\\/genomapp.com\\\/es\\\/enfermedad-destacada-sindrome-de-ehlers-danlos\\\/\"},\"wordCount\":286,\"publisher\":{\"@id\":\"https:\\\/\\\/genomapp.com\\\/en\\\/#organization\"},\"image\":{\"@id\":\"https:\\\/\\\/genomapp.com\\\/es\\\/enfermedad-destacada-sindrome-de-ehlers-danlos\\\/#primaryimage\"},\"thumbnailUrl\":\"https:\\\/\\\/genomapp.com\\\/wp-content\\\/uploads\\\/2025\\\/11\\\/pattern_zebra-opt-1024x683.webp\",\"articleSection\":[\"Enfermedad destacada\"],\"inLanguage\":\"es\"},{\"@type\":\"WebPage\",\"@id\":\"https:\\\/\\\/genomapp.com\\\/es\\\/enfermedad-destacada-sindrome-de-ehlers-danlos\\\/\",\"url\":\"https:\\\/\\\/genomapp.com\\\/es\\\/enfermedad-destacada-sindrome-de-ehlers-danlos\\\/\",\"name\":\"Enfermedad Destacada: S\u00edndrome de Ehlers-Danlos - genomapp.com\",\"isPartOf\":{\"@id\":\"https:\\\/\\\/genomapp.com\\\/en\\\/#website\"},\"primaryImageOfPage\":{\"@id\":\"https:\\\/\\\/genomapp.com\\\/es\\\/enfermedad-destacada-sindrome-de-ehlers-danlos\\\/#primaryimage\"},\"image\":{\"@id\":\"https:\\\/\\\/genomapp.com\\\/es\\\/enfermedad-destacada-sindrome-de-ehlers-danlos\\\/#primaryimage\"},\"thumbnailUrl\":\"https:\\\/\\\/genomapp.com\\\/wp-content\\\/uploads\\\/2025\\\/11\\\/pattern_zebra-opt-1024x683.webp\",\"datePublished\":\"2025-11-07T08:26:12+00:00\",\"dateModified\":\"2026-02-06T16:50:28+00:00\",\"description\":\"El s\u00edndrome de Ehlers-Danlos (SED) no es una \u00fanica enfermedad, sino un grupo de 13 trastornos hereditarios.\",\"breadcrumb\":{\"@id\":\"https:\\\/\\\/genomapp.com\\\/es\\\/enfermedad-destacada-sindrome-de-ehlers-danlos\\\/#breadcrumb\"},\"inLanguage\":\"es\",\"potentialAction\":[{\"@type\":\"ReadAction\",\"target\":[\"https:\\\/\\\/genomapp.com\\\/es\\\/enfermedad-destacada-sindrome-de-ehlers-danlos\\\/\"]}]},{\"@type\":\"ImageObject\",\"inLanguage\":\"es\",\"@id\":\"https:\\\/\\\/genomapp.com\\\/es\\\/enfermedad-destacada-sindrome-de-ehlers-danlos\\\/#primaryimage\",\"url\":\"https:\\\/\\\/genomapp.com\\\/wp-content\\\/uploads\\\/2025\\\/11\\\/pattern_zebra-opt-1024x683.webp\",\"contentUrl\":\"https:\\\/\\\/genomapp.com\\\/wp-content\\\/uploads\\\/2025\\\/11\\\/pattern_zebra-opt-1024x683.webp\"},{\"@type\":\"BreadcrumbList\",\"@id\":\"https:\\\/\\\/genomapp.com\\\/es\\\/enfermedad-destacada-sindrome-de-ehlers-danlos\\\/#breadcrumb\",\"itemListElement\":[{\"@type\":\"ListItem\",\"position\":1,\"name\":\"Portada\",\"item\":\"https:\\\/\\\/genomapp.com\\\/es\\\/\"},{\"@type\":\"ListItem\",\"position\":2,\"name\":\"Enfermedad Destacada: S\u00edndrome de Ehlers-Danlos\"}]},{\"@type\":\"WebSite\",\"@id\":\"https:\\\/\\\/genomapp.com\\\/en\\\/#website\",\"url\":\"https:\\\/\\\/genomapp.com\\\/en\\\/\",\"name\":\"Genomapp\",\"description\":\"Analyze your DNA raw data\",\"publisher\":{\"@id\":\"https:\\\/\\\/genomapp.com\\\/en\\\/#organization\"},\"potentialAction\":[{\"@type\":\"SearchAction\",\"target\":{\"@type\":\"EntryPoint\",\"urlTemplate\":\"https:\\\/\\\/genomapp.com\\\/en\\\/?s={search_term_string}\"},\"query-input\":{\"@type\":\"PropertyValueSpecification\",\"valueRequired\":true,\"valueName\":\"search_term_string\"}}],\"inLanguage\":\"es\"},{\"@type\":\"Organization\",\"@id\":\"https:\\\/\\\/genomapp.com\\\/en\\\/#organization\",\"name\":\"Genomapp\",\"url\":\"https:\\\/\\\/genomapp.com\\\/en\\\/\",\"logo\":{\"@type\":\"ImageObject\",\"inLanguage\":\"es\",\"@id\":\"https:\\\/\\\/genomapp.com\\\/en\\\/#\\\/schema\\\/logo\\\/image\\\/\",\"url\":\"https:\\\/\\\/genomapp.com\\\/wp-content\\\/uploads\\\/2023\\\/12\\\/launch_ico_512.png\",\"contentUrl\":\"https:\\\/\\\/genomapp.com\\\/wp-content\\\/uploads\\\/2023\\\/12\\\/launch_ico_512.png\",\"width\":512,\"height\":512,\"caption\":\"Genomapp\"},\"image\":{\"@id\":\"https:\\\/\\\/genomapp.com\\\/en\\\/#\\\/schema\\\/logo\\\/image\\\/\"}},{\"@type\":\"Person\",\"@id\":\"https:\\\/\\\/genomapp.com\\\/en\\\/#\\\/schema\\\/person\\\/4f4c626c074df69393f392a52cd1153e\",\"name\":\"Genomapp\",\"image\":{\"@type\":\"ImageObject\",\"inLanguage\":\"es\",\"@id\":\"https:\\\/\\\/secure.gravatar.com\\\/avatar\\\/be994fa18f5cb108dd81a21b9b537df446aa7140ac349a62e26f8c3b95accd61?s=96&d=mm&r=g\",\"url\":\"https:\\\/\\\/secure.gravatar.com\\\/avatar\\\/be994fa18f5cb108dd81a21b9b537df446aa7140ac349a62e26f8c3b95accd61?s=96&d=mm&r=g\",\"contentUrl\":\"https:\\\/\\\/secure.gravatar.com\\\/avatar\\\/be994fa18f5cb108dd81a21b9b537df446aa7140ac349a62e26f8c3b95accd61?s=96&d=mm&r=g\",\"caption\":\"Genomapp\"},\"url\":\"https:\\\/\\\/genomapp.com\\\/es\\\/author\\\/genomapp\\\/\"}]}<\/script>\n<!-- \/ Yoast SEO plugin. -->","yoast_head_json":{"title":"Enfermedad Destacada: S\u00edndrome de Ehlers-Danlos - genomapp.com","description":"El s\u00edndrome de Ehlers-Danlos (SED) no es una \u00fanica enfermedad, sino un grupo de 13 trastornos hereditarios.","robots":{"index":"index","follow":"follow","max-snippet":"max-snippet:-1","max-image-preview":"max-image-preview:large","max-video-preview":"max-video-preview:-1"},"canonical":"https:\/\/genomapp.com\/es\/enfermedad-destacada-sindrome-de-ehlers-danlos\/","og_locale":"es_ES","og_type":"article","og_title":"Enfermedad Destacada: S\u00edndrome de Ehlers-Danlos - genomapp.com","og_description":"El s\u00edndrome de Ehlers-Danlos (SED) no es una \u00fanica enfermedad, sino un grupo de 13 trastornos hereditarios.","og_url":"https:\/\/genomapp.com\/es\/enfermedad-destacada-sindrome-de-ehlers-danlos\/","og_site_name":"genomapp.com","article_published_time":"2025-11-07T08:26:12+00:00","article_modified_time":"2026-02-06T16:50:28+00:00","og_image":[{"width":2560,"height":1707,"url":"https:\/\/genomapp.com\/wp-content\/uploads\/2025\/11\/pattern_zebra-opt-scaled.webp","type":"image\/webp"}],"author":"Genomapp","twitter_card":"summary_large_image","twitter_misc":{"Escrito por":"Genomapp","Tiempo de lectura":"2 minutos"},"schema":{"@context":"https:\/\/schema.org","@graph":[{"@type":"Article","@id":"https:\/\/genomapp.com\/es\/enfermedad-destacada-sindrome-de-ehlers-danlos\/#article","isPartOf":{"@id":"https:\/\/genomapp.com\/es\/enfermedad-destacada-sindrome-de-ehlers-danlos\/"},"author":{"name":"Genomapp","@id":"https:\/\/genomapp.com\/en\/#\/schema\/person\/4f4c626c074df69393f392a52cd1153e"},"headline":"Enfermedad Destacada: S\u00edndrome de Ehlers-Danlos","datePublished":"2025-11-07T08:26:12+00:00","dateModified":"2026-02-06T16:50:28+00:00","mainEntityOfPage":{"@id":"https:\/\/genomapp.com\/es\/enfermedad-destacada-sindrome-de-ehlers-danlos\/"},"wordCount":286,"publisher":{"@id":"https:\/\/genomapp.com\/en\/#organization"},"image":{"@id":"https:\/\/genomapp.com\/es\/enfermedad-destacada-sindrome-de-ehlers-danlos\/#primaryimage"},"thumbnailUrl":"https:\/\/genomapp.com\/wp-content\/uploads\/2025\/11\/pattern_zebra-opt-1024x683.webp","articleSection":["Enfermedad destacada"],"inLanguage":"es"},{"@type":"WebPage","@id":"https:\/\/genomapp.com\/es\/enfermedad-destacada-sindrome-de-ehlers-danlos\/","url":"https:\/\/genomapp.com\/es\/enfermedad-destacada-sindrome-de-ehlers-danlos\/","name":"Enfermedad Destacada: S\u00edndrome de Ehlers-Danlos - genomapp.com","isPartOf":{"@id":"https:\/\/genomapp.com\/en\/#website"},"primaryImageOfPage":{"@id":"https:\/\/genomapp.com\/es\/enfermedad-destacada-sindrome-de-ehlers-danlos\/#primaryimage"},"image":{"@id":"https:\/\/genomapp.com\/es\/enfermedad-destacada-sindrome-de-ehlers-danlos\/#primaryimage"},"thumbnailUrl":"https:\/\/genomapp.com\/wp-content\/uploads\/2025\/11\/pattern_zebra-opt-1024x683.webp","datePublished":"2025-11-07T08:26:12+00:00","dateModified":"2026-02-06T16:50:28+00:00","description":"El s\u00edndrome de Ehlers-Danlos (SED) no es una \u00fanica enfermedad, sino un grupo de 13 trastornos hereditarios.","breadcrumb":{"@id":"https:\/\/genomapp.com\/es\/enfermedad-destacada-sindrome-de-ehlers-danlos\/#breadcrumb"},"inLanguage":"es","potentialAction":[{"@type":"ReadAction","target":["https:\/\/genomapp.com\/es\/enfermedad-destacada-sindrome-de-ehlers-danlos\/"]}]},{"@type":"ImageObject","inLanguage":"es","@id":"https:\/\/genomapp.com\/es\/enfermedad-destacada-sindrome-de-ehlers-danlos\/#primaryimage","url":"https:\/\/genomapp.com\/wp-content\/uploads\/2025\/11\/pattern_zebra-opt-1024x683.webp","contentUrl":"https:\/\/genomapp.com\/wp-content\/uploads\/2025\/11\/pattern_zebra-opt-1024x683.webp"},{"@type":"BreadcrumbList","@id":"https:\/\/genomapp.com\/es\/enfermedad-destacada-sindrome-de-ehlers-danlos\/#breadcrumb","itemListElement":[{"@type":"ListItem","position":1,"name":"Portada","item":"https:\/\/genomapp.com\/es\/"},{"@type":"ListItem","position":2,"name":"Enfermedad Destacada: S\u00edndrome de Ehlers-Danlos"}]},{"@type":"WebSite","@id":"https:\/\/genomapp.com\/en\/#website","url":"https:\/\/genomapp.com\/en\/","name":"Genomapp","description":"Analyze your DNA raw data","publisher":{"@id":"https:\/\/genomapp.com\/en\/#organization"},"potentialAction":[{"@type":"SearchAction","target":{"@type":"EntryPoint","urlTemplate":"https:\/\/genomapp.com\/en\/?s={search_term_string}"},"query-input":{"@type":"PropertyValueSpecification","valueRequired":true,"valueName":"search_term_string"}}],"inLanguage":"es"},{"@type":"Organization","@id":"https:\/\/genomapp.com\/en\/#organization","name":"Genomapp","url":"https:\/\/genomapp.com\/en\/","logo":{"@type":"ImageObject","inLanguage":"es","@id":"https:\/\/genomapp.com\/en\/#\/schema\/logo\/image\/","url":"https:\/\/genomapp.com\/wp-content\/uploads\/2023\/12\/launch_ico_512.png","contentUrl":"https:\/\/genomapp.com\/wp-content\/uploads\/2023\/12\/launch_ico_512.png","width":512,"height":512,"caption":"Genomapp"},"image":{"@id":"https:\/\/genomapp.com\/en\/#\/schema\/logo\/image\/"}},{"@type":"Person","@id":"https:\/\/genomapp.com\/en\/#\/schema\/person\/4f4c626c074df69393f392a52cd1153e","name":"Genomapp","image":{"@type":"ImageObject","inLanguage":"es","@id":"https:\/\/secure.gravatar.com\/avatar\/be994fa18f5cb108dd81a21b9b537df446aa7140ac349a62e26f8c3b95accd61?s=96&d=mm&r=g","url":"https:\/\/secure.gravatar.com\/avatar\/be994fa18f5cb108dd81a21b9b537df446aa7140ac349a62e26f8c3b95accd61?s=96&d=mm&r=g","contentUrl":"https:\/\/secure.gravatar.com\/avatar\/be994fa18f5cb108dd81a21b9b537df446aa7140ac349a62e26f8c3b95accd61?s=96&d=mm&r=g","caption":"Genomapp"},"url":"https:\/\/genomapp.com\/es\/author\/genomapp\/"}]}},"_links":{"self":[{"href":"https:\/\/genomapp.com\/es\/wp-json\/wp\/v2\/posts\/1112","targetHints":{"allow":["GET"]}}],"collection":[{"href":"https:\/\/genomapp.com\/es\/wp-json\/wp\/v2\/posts"}],"about":[{"href":"https:\/\/genomapp.com\/es\/wp-json\/wp\/v2\/types\/post"}],"author":[{"embeddable":true,"href":"https:\/\/genomapp.com\/es\/wp-json\/wp\/v2\/users\/2"}],"replies":[{"embeddable":true,"href":"https:\/\/genomapp.com\/es\/wp-json\/wp\/v2\/comments?post=1112"}],"version-history":[{"count":6,"href":"https:\/\/genomapp.com\/es\/wp-json\/wp\/v2\/posts\/1112\/revisions"}],"predecessor-version":[{"id":1123,"href":"https:\/\/genomapp.com\/es\/wp-json\/wp\/v2\/posts\/1112\/revisions\/1123"}],"wp:attachment":[{"href":"https:\/\/genomapp.com\/es\/wp-json\/wp\/v2\/media?parent=1112"}],"wp:term":[{"taxonomy":"category","embeddable":true,"href":"https:\/\/genomapp.com\/es\/wp-json\/wp\/v2\/categories?post=1112"},{"taxonomy":"post_tag","embeddable":true,"href":"https:\/\/genomapp.com\/es\/wp-json\/wp\/v2\/tags?post=1112"}],"curies":[{"name":"wp","href":"https:\/\/api.w.org\/{rel}","templated":true}]}}